{"id":883,"date":"2014-04-02T14:31:34","date_gmt":"2014-04-02T10:31:34","guid":{"rendered":"http:\/\/ich.md\/?p=883"},"modified":"2014-04-02T14:33:48","modified_gmt":"2014-04-02T10:33:48","slug":"constantin-popovici-1924-2010","status":"publish","type":"post","link":"https:\/\/ich.md\/?p=883","title":{"rendered":"CONSTANTIN POPOVICI  (1924-2010)"},"content":{"rendered":"<p style=\"text-align: justify;\"><a href=\"http:\/\/ich.md\/wp-content\/uploads\/2014\/04\/\u0411\u0435\u0437\u044b\u043c\u044f\u043d\u043d\u044b\u04396.png\"><img decoding=\"async\" loading=\"lazy\" class=\"size-medium wp-image-884 alignleft\" alt=\"\u0411\u0435\u0437\u044b\u043c\u044f\u043d\u043d\u044b\u0439\" src=\"http:\/\/ich.md\/wp-content\/uploads\/2014\/04\/\u0411\u0435\u0437\u044b\u043c\u044f\u043d\u043d\u044b\u04396-200x300.png\" width=\"200\" height=\"300\" \/><\/a><br \/>\nAcademician, cercet\u0103tor \u015ftiin\u0163ific principal, doctor habilitat \u00een filologie, specialist \u00een teoria literaturii. Director al Institutului Minorit\u0103\u021bi Na\u021bionale al A\u0218M (1992\u20131999). Activitatea de cercetare include studierea rela\u0163iilor literare moldo-ucrainene \u015fi a literaturii artistice ucrainene contemporane. Rezultatele activit\u0103\u0163ii \u015ftiin\u0163ifice au fost publicate \u00een peste 50 de c\u0103r\u0163i (monografii, culegeri tematice, schi\u0163e, publicistic\u0103, literatur\u0103 artistic\u0103). Sub egida academicianului Constantin Popovici au fost preg\u0103tite cadrele de \u00eenalt\u0103 calificare &#8211; doctori \u00een \u015ftiin\u0163e:<br \/>\n1.Sava P\u00eenzaru. Tema tezei: \u0422\u0432\u043e\u0440\u0447\u0435\u0441\u0442\u0432\u043e \u041c. \u0413\u043e\u0440\u044c\u043a\u043e\u0433\u043e \u0432 \u041c\u043e\u043b\u0434\u0430\u0432\u0438\u0438, 1968; 2. Alexandrina Matcovschi. Tema tezei: \u0412\u043e\u043f\u0440\u043e\u0441\u044b \u043c\u043e\u043b\u0434\u0430\u0432\u0441\u043a\u043e\u0439 \u043a\u0443\u043b\u044c\u0442\u0443\u0440\u044b \u0438 \u043b\u0438\u0442\u0435\u0440\u0430\u0442\u0443\u0440\u044b \u043d\u0430 \u0441\u0442\u0440\u0430\u043d\u0438\u0446\u0430\u0445 \u0440\u0443\u0441\u0441\u043a\u043e\u0439 \u043f\u0435\u0447\u0430\u0442\u0438 \/1880-1905 \u0433\u0433.\/, 1972; 3. Tatiana Botnaru. Tema tezei: \u041c\u043e\u043b\u0434\u0430\u0432\u0441\u043a\u0430\u044f \u0441\u043e\u0432\u0435\u0442\u0441\u043a\u0430\u044f \u043f\u043e\u044d\u0437\u0438\u044f \u0432 \u043e\u0446\u0435\u043d\u043a\u0435 \u0440\u0443\u0441\u0441\u043a\u043e\u0439 \u043b\u0438\u0442\u0435\u0440\u0430\u0442\u0443\u0440\u043d\u043e\u0439 \u043a\u0440\u0438\u0442\u0438\u043a\u0438 \/60-70-\u0435 \u0433\u0433.\/, 1980; 4. Lucre\u0163ia B\u00eerl\u0103deanu. Tema tezei: Sentimentul naturii \u00een poezia eminescian\u0103, 1982; 5. Rita Kleiman. Tema tezei: \u0421\u043a\u0432\u043e\u0437\u043d\u044b\u0435 \u043c\u043e\u0442\u0438\u0432\u044b \u0442\u0432\u043e\u0440\u0447\u0435\u0441\u0442\u0432\u0430 \u0424.\u041c. \u0414\u043e\u0441\u0442\u043e\u0435\u0432\u0441\u043a\u043e\u0433\u043e \u0432 \u043a\u043e\u043d\u0442\u0435\u043a\u0441\u0442\u0435 \u043b\u0438\u0442\u0435\u0440\u0430\u0442\u0443\u0440\u043d\u044b\u0445 \u0441\u0432\u044f\u0437\u0435\u0439, 1983; 6. Irina Suhareva. Tema tezei: \u041f\u0440\u043e\u0431\u043b\u0435\u043c\u0430 \u0433\u0435\u0440\u043e\u044f \u0432 \u0442\u0432\u043e\u0440\u0447\u0435\u0441\u0442\u0432\u0435 \u0440\u0443\u0441\u0441\u043a\u0438\u0445 \u043f\u0438\u0441\u0430\u0442\u0435\u043b\u0435\u0439 \u041c\u043e\u043b\u0434\u0430\u0432\u0438\u0438, 1984; 7. Tatiana Mitracova. Tema tezei: \u0412\u043e\u043f\u0440\u043e\u0441\u044b \u0441\u043e\u0432\u0440\u0435\u043c\u0435\u043d\u043d\u043e\u0433\u043e \u044d\u043c\u0438\u043d\u0435\u0441\u043a\u043e\u0432\u0435\u0434\u0435\u043d\u0438\u044f \/\u043f\u043e\u0441\u043b\u0435\u0432\u043e\u0435\u043d\u043d\u044b\u0439 \u043f\u0435\u0440\u0438\u043e\u0434\/, 1985; 8. Larisa Bostan. Tema tezei: \u0421\u0442\u0430\u043d\u043e\u0432\u043b\u0435\u043d\u0438\u0435 \u0438 \u0440\u0430\u0437\u0432\u0438\u0442\u0438\u0435 \u043c\u043e\u043b\u0434\u0430\u0432\u0441\u043a\u043e\u0439 \u043b\u0438\u0442\u0435\u0440\u0430\u0442\u0443\u0440\u044b \u0432 \u0421\u043e\u0432\u0435\u0442\u0441\u043a\u043e\u0439 \u0411\u0443\u043a\u043e\u0432\u0438\u043d\u0435, 1987; 9. Maria \u015eleahti\u0163chi. Tema tezei: \u0416\u0430\u043d\u0440\u043e\u0432\u043e-\u0441\u0442\u0438\u043b\u0435\u0432\u044b\u0435 \u043f\u043e\u0438\u0441\u043a\u0438 \u0432 \u043c\u043e\u043b\u0434\u0430\u0432\u0441\u043a\u043e\u0439 \u043f\u0440\u043e\u0437\u0435 \u0434\u043b\u044f \u0434\u0435\u0442\u0435\u0439 \/60-80-\u0435 \u0433\u0433.\/, 1990; 10. Gabriela Topor. Tema tezei: \u041c\u043e\u043b\u0434\u0430\u0432\u0441\u043a\u0430\u044f \u0442\u0435\u043c\u0430\u0442\u0438\u043a\u0430 \u0432 \u0442\u0432\u043e\u0440\u0447\u0435\u0441\u0442\u0432\u0435 \u0410.\u0424. \u0412\u0435\u043b\u044c\u0442\u043c\u0430\u043d\u0430, 1997; 11. Mihail Lemster. Tema tezei: Opera fabulistului Eliezer \u015eteinbarg \u00een contextul literaturii evreie\u015fti din Basarabia \u00een anii 20-30 al sec. al XX-lea, 1999; 12. Irina \u015eihova. Tema tezei: \u041a\u0430\u0440\u043d\u0430\u0432\u0430\u043b\u044c\u043d\u043e-\u043c\u0435\u043d\u043d\u0438\u043f\u0435\u0439\u043d\u0430\u044f \u0442\u0440\u0430\u0434\u0438\u0446\u0438\u044f \u0432 \u043c\u0438\u0440\u043e\u0432\u043e\u0439 \u043b\u0438\u0442\u0435\u0440\u0430\u0442\u0443\u0440\u0435 \u0425\u0425 \u0432\u0435\u043a\u0430, 2003; 13. Natalia Spor\u00ee\u015f. Tema tezei: Cercet\u0103rile literare ale lui A.I. Ia\u0163imirschii \u00een contextul dialogului dintre culturile slave \u015fi rom\u00e2n\u0103, 2003; 14. Svetlana Procop. Tema tezei: Caracterul eroului liric \u015fi evolu\u0163ia lui \u00een poezia rus\u0103 din Moldova din jum\u0103tatea a II-a a secolului al XX-lea, 2003; 15. Dumitru Apetri. Tema tezei: Receptarea literaturii ucrainene \u00een Republica Moldova \u00eentre anii 1924-1984, 2005; 16. Elena M\u0103r\u0103scu. Tema tezei: Universul copil\u0103riei \u015fi imaginea copilului la Charles Dickens, Ion Creang\u0103, Mark Twain, 2005.<\/p>\n<p style=\"text-align: justify;\">\u015fi doctori habilita\u0163i:<br \/>\n1. Sergiu Pavlicenco. Tema tezei: Receptarea literaturii spaniole \u00een spa\u0163iul cultural rom\u00e2nesc, 1998;<br \/>\n2. Elena Prus. Tema tezei: Reprezentarea romanesc\u0103 a Parizieni \u00een literatura francez\u0103 din a II jum. a sec. XIX-lea, 2005.<\/p>\n","protected":false},"excerpt":{"rendered":"<p>Academician, cercet\u0103tor \u015ftiin\u0163ific principal, doctor habilitat \u00een filologie, specialist \u00een teoria literaturii. Director al Institutului Minorit\u0103\u021bi Na\u021bionale al A\u0218M (1992\u20131999). Activitatea de cercetare include studierea<span class=\"read-more-link\"><a class=\"read-more\" href=\"https:\/\/ich.md\/?p=883\">Read More<\/a><\/span><\/p>\n","protected":false},"author":2,"featured_media":0,"comment_status":"closed","ping_status":"open","sticky":false,"template":"","format":"standard","meta":[],"categories":[49],"tags":[],"_links":{"self":[{"href":"https:\/\/ich.md\/index.php?rest_route=\/wp\/v2\/posts\/883"}],"collection":[{"href":"https:\/\/ich.md\/index.php?rest_route=\/wp\/v2\/posts"}],"about":[{"href":"https:\/\/ich.md\/index.php?rest_route=\/wp\/v2\/types\/post"}],"author":[{"embeddable":true,"href":"https:\/\/ich.md\/index.php?rest_route=\/wp\/v2\/users\/2"}],"replies":[{"embeddable":true,"href":"https:\/\/ich.md\/index.php?rest_route=%2Fwp%2Fv2%2Fcomments&post=883"}],"version-history":[{"count":2,"href":"https:\/\/ich.md\/index.php?rest_route=\/wp\/v2\/posts\/883\/revisions"}],"predecessor-version":[{"id":889,"href":"https:\/\/ich.md\/index.php?rest_route=\/wp\/v2\/posts\/883\/revisions\/889"}],"wp:attachment":[{"href":"https:\/\/ich.md\/index.php?rest_route=%2Fwp%2Fv2%2Fmedia&parent=883"}],"wp:term":[{"taxonomy":"category","embeddable":true,"href":"https:\/\/ich.md\/index.php?rest_route=%2Fwp%2Fv2%2Fcategories&post=883"},{"taxonomy":"post_tag","embeddable":true,"href":"https:\/\/ich.md\/index.php?rest_route=%2Fwp%2Fv2%2Ftags&post=883"}],"curies":[{"name":"wp","href":"https:\/\/api.w.org\/{rel}","templated":true}]}}