{"id":8834,"date":"2025-11-19T13:23:12","date_gmt":"2025-11-19T11:23:12","guid":{"rendered":"https:\/\/ich.md\/?p=8834"},"modified":"2025-11-19T13:23:12","modified_gmt":"2025-11-19T11:23:12","slug":"masa-rotunda-omagiala-cu-genericul-vlad-iovita-distins-creator-al-generatiei-de-aur-90-de-ani-de-la-nastere","status":"publish","type":"post","link":"https:\/\/ich.md\/?p=8834","title":{"rendered":"Masa rotund\u0103 omagial\u0103 cu genericul Vlad Iovi\u021b\u0103 \u2013 distins creator al \u201egenera\u021biei de aur\u201d (90 de ani de la na\u0219tere)"},"content":{"rendered":"\n<p>Sec\u021bia <em>Patrimoniu artistic <\/em>a Institutului Patrimoniului Cultural a organizat o Masa rotund\u0103 omagial\u0103 cu genericul <em>Vlad Iovi\u021b\u0103 \u2013 distins creator al \u201egenera\u021biei de aur\u201d<\/em> (90 de ani de la na\u0219terea poetului \u0219i cineastului) care a avut loc pe data de 18 noiembrie a.c. \u00een Sala de \u0218edin\u021be a Institutului.<\/p>\n\n\n\n<p>Manifestarea \u0219tiin\u021bific\u0103 a \u00eentrunit speciali\u0219ti \u00een domeniul filmologiei, dar \u0219i cei interesa\u021bi de subiectul pus \u00een discu\u021bie. Evenimentul a fost consacrat celor 90 de ani de la na\u0219terea scriitorului \u0219i cineastului Vlad Iovi\u021b\u0103, personalitate marcant\u0103 a artei \u0219i culturii na\u021bionale, unul din fondatorii de baz\u0103 al filmului poetic, prin care s-a afirmat documentaristica noastr\u0103 \u0219i \u00eentreaga cinematografie na\u021bional\u0103 a Moldovei.<\/p>\n\n\n\n<p>Cu un cuv\u00e2nt de salut s-a adresat doamna Natalia Gr\u0103dinaru, doctor, secretat \u0219tiin\u021bific al Institutului, care a men\u021bionat importan\u021ba acestor mese rotunde, ce pun \u00een valoarea personalit\u0103\u021bi din diverse domenii ale artei \u0219i culturii na\u021bionale, dezv\u0103luie aspecte neelucidate p\u00e2n\u0103 \u00een prezent. Dorind succese participan\u021bilor, s-a referit \u0219i la rolul Institutului \u00een promovarea patrimoniului na\u021bional.<\/p>\n\n\n\n<p>Masa rotund\u0103 a fost moderat\u0103 de dr. Dumitru Ol\u0103rescu, care \u00een debutul deschiderii sesiunii de comunic\u0103ri a prezentat date semnificative din biografia artistului Vlad Iovi\u021b\u0103. \u00cen comunicarea sa <em>Cineastul Vlad Iovi\u021b\u0103: afirmarea filmului documentar na\u021bional <\/em>s-a referit la particularit\u0103\u021bile tematice \u0219i artistice ale crea\u021biei cineastului, oprindu-se \u00een mod special la filmele de nonfic\u021biune <em>F\u00e2nt\u00e2na<\/em> (1966), <em>Piatr\u0103, piatr\u0103<\/em> (1966), <em>Malanca<\/em> (1968), <em>Unde joac\u0103 moldovenii<\/em> (1981) \u0219i <em>Dansuri de toamn\u0103<\/em> (1983), eviden\u021biind m\u0103iestria regizorului \u00een selectarea celor mai concludente detalii \u0219i ipostaze din realitate. Cunosc\u00e2ndu-l personal, D. Ol\u0103rescu a \u021binut s\u0103 relateze \u0219i situa\u021bii din timpul film\u0103rilor. \u00cen concluzie a men\u021bionat c\u0103: \u201eTematica inedit\u0103, interpretarea original\u0103, subtil\u0103, concentrarea de semnifica\u021bii, expresia laconic\u0103 sunt unele din multiplele virtu\u021bi artistice, ce \u00eel fac pe Vlad Iovi\u021b\u0103 s\u0103 r\u0103m\u00e2n\u0103 unul din primii no\u0219tri cinea\u0219ti, care au ridicat filmul na\u021bional de nonfic\u021biune la nivel de fenomen artistic\u201d.<\/p>\n\n\n\n<p>Dr. Alexandru Bohan\u021bov s-a referit la <em>Crea\u021bia cineastului Vlad Iovi\u021b\u0103 din perspectiv\u0103 antropologic\u0103<\/em>. \u00cen discursul s\u0103i a \u00eencercat s\u0103 analizeze cum este valorificat\u0103, promovat\u0103 \u0219i interpretat\u0103 crea\u021bia lui at\u00e2t literar\u0103, c\u00e2t \u0219i cea cinematografic\u0103 \u00een viziune antropologic\u0103.<\/p>\n\n\n\n<p>Dr. hab. Ana-Maria Pl\u0103m\u0103deal\u0103 \u00een comunicarea sa <em>Filmul \u201eDimitrie Cantemir\u201d \u00een biografia lui Vlad Iovi\u021b\u0103 <\/em>a men\u021bionat rolul aparte \u00een evolu\u021bia cinematografiei na\u021bionale a filmelor de fic\u021biune ale scenaristului \u0219i regizorului Vlad Iovi\u021b\u0103: <em>Se caut\u0103 un paznic<\/em> (1967), <em>Nunt\u0103 la palat<\/em> (1969), <em>Dimitrie Cantemir<\/em> (1973), <em>Calul, pu\u0219ca \u0219i nevasta<\/em> (1975), <em>F\u0103t-Frumos<\/em> (1977), <em>La por\u021bile satanei<\/em> (1980). Unei analize mai detaliate a fost supus filmul <em>Dimitrie Cantemir<\/em>, pe care-l consider\u0103 cel mai reu\u0219it film de fic\u021biune din crea\u021bia regizorului.<\/p>\n\n\n\n<p>Dr. hab. Victoria Rocaciuc a propus audien\u021bei alocu\u021biunea <em>Aspecte mai pu\u021bin cunoscute privind crearea portretului lui Vlad Iovi\u021b\u0103 de Valentina Rusu Ciobanu, <\/em>prezent\u00e2nd chipul artistului \u00eentr-o serie de schi\u021be \u0219i portrete.<\/p>\n\n\n\n<p>Scriitorul \u0219i jurnalistul cultural Larisa Turea a sus\u021binut discursul <em>\u201eSe caut\u0103 un paznic\u201d: avatarurile unei parabole, <\/em>\u00een care a pus \u00een valoare crea\u021bia scenaristic\u0103 a lui Vlad Iovi\u021b\u0103, referindu-se la scenariul \u201eSe caut\u0103 un paznic\u201d \u00een care se interpreteaz\u0103 opera lui Ion Creang\u0103 din perspectivele ideologiei timpului. Scriitoarea a men\u021bionat c\u0103 Vlad Iovi\u021b\u0103 a reu\u0219it s\u0103 umanizeze personajele, s\u0103 le apropie de realit\u0103\u021bile cotidiene, tot odat\u0103 r\u0103spunz\u00e2nd la \u00eentrebarea <em>de ce e nevoie un paznic la por\u021bile raiului \/ societ\u0103\u021bii?<\/em><\/p>\n\n\n\n<p>La discu\u021bii a participat dr. Violeta Tipa, care a dat citire unor fragmente din interviurile cu Vlad Iovi\u021b\u0103 despre procesul de crea\u021bie asupra filmelor, despre cenzura ideologic\u0103 \u0219i alte probleme ale timpului.<\/p>\n\n\n\n<p>Ca o totalizare a discu\u021biilor despre personalitatea lui Vlad Iovi\u021b\u0103, dr. Virgiliu M\u0103rgineanu, pre\u0219edintele Uniunii Cinea\u0219tilor din Republica Moldova, a reiterat contribu\u021bia cineastului \u00een evolu\u021bia cinematografiei na\u021bionale de fic\u021biune \u0219i de nonfic\u021biune.<\/p>\n\n\n\n<p>\u00cen final, participan\u021bii la eveniment au vizionat filmul documentar \u201e<em>Vlad Iovi\u021b\u0103<\/em>\u201d (1985) \u00een regia lui Iacob Burghiu, care p\u0103streaz\u0103 \u00een imagini audiovizuale momente semnificative din via\u021ba \u0219i activitatea regizorului.<\/p>\n\n\n\n<p>Masa rotund\u0103 <em>Vlad Iovi\u021b\u0103 \u2013 distins creator al \u201egenera\u021biei de aur\u201d<\/em> (90 de ani de la na\u0219terea poetului \u0219i cineastului), organizat\u0103 de Sec\u021bia <em>Patrimoniu artistic<\/em> se \u00eenscrie \u00een cadrul Programului na\u021bional \u00een domeniile cercet\u0103rii \u0219i inov\u0103rii pentru anii 2024\u20132027, Subprogramul 170101: <em>Cercetarea \u0219i valorificarea patrimoniului cultural construit, etnografic, arheologic \u0219i artistic din Republica Moldova \u00een contextul integr\u0103rii europene<\/em>.<\/p>\n\n\n\n<figure class=\"wp-block-image size-large\"><a href=\"https:\/\/ich.md\/wp-content\/uploads\/2025\/11\/olar-scaled.jpg\"><img decoding=\"async\" loading=\"lazy\" width=\"1024\" height=\"751\" src=\"https:\/\/ich.md\/wp-content\/uploads\/2025\/11\/olar-1024x751.jpg\" alt=\"\" class=\"wp-image-8835\"\/><\/a><\/figure>\n\n\n\n<figure class=\"wp-block-image size-large\"><a href=\"https:\/\/ich.md\/wp-content\/uploads\/2025\/11\/vrb-scaled.jpg\"><img decoding=\"async\" loading=\"lazy\" width=\"916\" height=\"1024\" src=\"https:\/\/ich.md\/wp-content\/uploads\/2025\/11\/vrb-916x1024.jpg\" alt=\"\" class=\"wp-image-8836\"\/><\/a><\/figure>\n\n\n\n<figure class=\"wp-block-image size-large\"><a href=\"https:\/\/ich.md\/wp-content\/uploads\/2025\/11\/mr-scaled.jpg\"><img decoding=\"async\" loading=\"lazy\" width=\"1024\" height=\"768\" src=\"https:\/\/ich.md\/wp-content\/uploads\/2025\/11\/mr-1024x768.jpg\" alt=\"\" class=\"wp-image-8837\"\/><\/a><\/figure>\n\n\n\n<figure class=\"wp-block-image size-large\"><a href=\"https:\/\/ich.md\/wp-content\/uploads\/2025\/11\/\u0438\u0437\u043e\u0431\u0440\u0430\u0436\u0435\u043d\u0438\u0435_viber_2025-11-19_13-14-04-328.jpg\"><img decoding=\"async\" loading=\"lazy\" width=\"1024\" height=\"768\" src=\"https:\/\/ich.md\/wp-content\/uploads\/2025\/11\/\u0438\u0437\u043e\u0431\u0440\u0430\u0436\u0435\u043d\u0438\u0435_viber_2025-11-19_13-14-04-328-1024x768.jpg\" alt=\"\" class=\"wp-image-8838\"\/><\/a><\/figure>\n\n\n\n<figure class=\"wp-block-image size-large\"><a href=\"https:\/\/ich.md\/wp-content\/uploads\/2025\/11\/rocaciuc-scaled.jpg\"><img decoding=\"async\" loading=\"lazy\" width=\"1024\" height=\"661\" src=\"https:\/\/ich.md\/wp-content\/uploads\/2025\/11\/rocaciuc-1024x661.jpg\" alt=\"\" class=\"wp-image-8839\"\/><\/a><\/figure>\n","protected":false},"excerpt":{"rendered":"<p>Sec\u021bia Patrimoniu artistic a Institutului Patrimoniului Cultural a organizat o Masa rotund\u0103 omagial\u0103 cu genericul Vlad Iovi\u021b\u0103 \u2013 distins creator al \u201egenera\u021biei de aur\u201d (90<span class=\"read-more-link\"><a class=\"read-more\" href=\"https:\/\/ich.md\/?p=8834\">Read More<\/a><\/span><\/p>\n","protected":false},"author":11,"featured_media":8837,"comment_status":"closed","ping_status":"closed","sticky":false,"template":"","format":"standard","meta":[],"categories":[10],"tags":[],"_links":{"self":[{"href":"https:\/\/ich.md\/index.php?rest_route=\/wp\/v2\/posts\/8834"}],"collection":[{"href":"https:\/\/ich.md\/index.php?rest_route=\/wp\/v2\/posts"}],"about":[{"href":"https:\/\/ich.md\/index.php?rest_route=\/wp\/v2\/types\/post"}],"author":[{"embeddable":true,"href":"https:\/\/ich.md\/index.php?rest_route=\/wp\/v2\/users\/11"}],"replies":[{"embeddable":true,"href":"https:\/\/ich.md\/index.php?rest_route=%2Fwp%2Fv2%2Fcomments&post=8834"}],"version-history":[{"count":1,"href":"https:\/\/ich.md\/index.php?rest_route=\/wp\/v2\/posts\/8834\/revisions"}],"predecessor-version":[{"id":8840,"href":"https:\/\/ich.md\/index.php?rest_route=\/wp\/v2\/posts\/8834\/revisions\/8840"}],"wp:featuredmedia":[{"embeddable":true,"href":"https:\/\/ich.md\/index.php?rest_route=\/wp\/v2\/media\/8837"}],"wp:attachment":[{"href":"https:\/\/ich.md\/index.php?rest_route=%2Fwp%2Fv2%2Fmedia&parent=8834"}],"wp:term":[{"taxonomy":"category","embeddable":true,"href":"https:\/\/ich.md\/index.php?rest_route=%2Fwp%2Fv2%2Fcategories&post=8834"},{"taxonomy":"post_tag","embeddable":true,"href":"https:\/\/ich.md\/index.php?rest_route=%2Fwp%2Fv2%2Ftags&post=8834"}],"curies":[{"name":"wp","href":"https:\/\/api.w.org\/{rel}","templated":true}]}}