{"id":8884,"date":"2026-01-12T15:36:22","date_gmt":"2026-01-12T13:36:22","guid":{"rendered":"https:\/\/ich.md\/?p=8884"},"modified":"2026-01-12T15:36:22","modified_gmt":"2026-01-12T13:36:22","slug":"distinctii-academice-pentru-comunitatea-institutului-patrimoniului-cultural","status":"publish","type":"post","link":"https:\/\/ich.md\/?p=8884","title":{"rendered":"Distinc\u021bii academice pentru comunitatea Institutului Patrimoniului Cultural"},"content":{"rendered":"\n<p>La finalul lunii decembrie, Academia de \u0218tiin\u021be a Moldovei a prezentat bilan\u021bul rezultatelor Anului \u0219tiin\u021bific 2025. \u00cen cadrul acestui eveniment solemn au fost decernate diplome de excelen\u021b\u0103 cercet\u0103torilor \u0219i certificate de apreciere celor mai activi participan\u021bi la activit\u0103\u021bile organizate de Academia de \u0218tiin\u021be a Moldovei.<\/p>\n\n\n\n<p>\u00cen discursul de deschidere, pre\u0219edintele A\u0218M, acad. Ion Tighineanu, a eviden\u021biat \u201econsolidarea dimensiunii europene a cercet\u0103rii din Republica Moldova, cooperarea cu structuri \u0219tiin\u021bifice interna\u021bionale, dialogurile cu laurea\u021bi ai Premiului Nobel, precum \u0219i constituirea Re\u021belei Academiilor din Spa\u021biul Rom\u00e2nesc, apreciat\u0103 drept una dintre realiz\u0103rile majore ale anului 2025\u201d.<\/p>\n\n\n\n<p>Institutului Patrimoniului Cultural i-a fost conferit <strong>Certificatul de participare<\/strong> la Festivalul cercet\u0103rii \u0219i inov\u0103rii <em>\u201e\u0218tiin\u021ba pentru pace \u0219i dezvoltare: creativitate, experien\u021b\u0103, perspective\u201d<\/em>, edi\u021bia a IV-a, organizat de Academia de \u0218tiin\u021be a Moldovei la 10 noiembrie 2025. Aceast\u0103 recunoa\u0219tere reflect\u0103 implicarea activ\u0103 a Institutului \u00een circuitul \u0219tiin\u021bific na\u021bional \u0219i contribu\u021bia constant\u0103 la promovarea cercet\u0103rii \u0219i inov\u0103rii \u00een domeniul patrimoniului cultural.<\/p>\n\n\n\n<p>\u00cen acest context, unii dintre cercet\u0103torii Institutului Patrimoniului Cultural au fost aprecia\u021bi de Academia de \u0218tiin\u021be a Moldovei prin acordarea diplomelor de excelen\u021b\u0103 \u0219i de performan\u021b\u0103, \u00eentruc\u00e2t, pe parcursul anului academic, ace\u0219tia au desf\u0103\u0219urat o ampl\u0103 activitate de cercetare, valorificare \u0219i promovare a patrimoniului cultural material \u0219i imaterial, iar mediatizarea rezultatelor ob\u021binute a generat un impact \u0219tiin\u021bific semnificativ, at\u00e2t la nivel na\u021bional, c\u00e2t \u0219i interna\u021bional.<\/p>\n\n\n\n<p><strong>Nina Ivanova<\/strong>, doctor, cercet\u0103tor \u0219tiin\u021bific superior, a fost distins\u0103 cu <strong>Diploma de Onoare a Academiei de \u0218tiin\u021be a Moldovei<\/strong> pentru \u201eactivitate prodigioas\u0103 \u0219i realiz\u0103ri deosebite \u00een domeniul cercet\u0103rii etnologice, interferate cu abord\u0103ri culturologice \u0219i antropologice, precum \u0219i pentru promovarea \u0219tiin\u021bei \u0219i culturii pe plan na\u021bional \u0219i interna\u021bional\u201d (Or. Chi\u0219in\u0103u, Hot\u0103r\u00e2rea Prezidiului A\u0218M nr. 205 din 27 noiembrie 2025).<\/p>\n\n\n\n<p><strong>Sergiu Suvac<\/strong>, doctor, cercet\u0103tor \u0219tiin\u021bific, a fost distins cu <strong>Diploma de Onoare a Academiei de \u0218tiin\u021be a Moldovei<\/strong> pentru \u201erealiz\u0103ri deosebite \u00een domeniul cercet\u0103rii etnologice, interferate cu abord\u0103ri istorice \u0219i culturologice, precum \u0219i pentru promovarea \u0219tiin\u021bei pe dimensiunile didactic\u0103 \u0219i de valorificare a patrimoniului cultural material \u0219i imaterial\u201d (Or. Chi\u0219in\u0103u, Hot\u0103r\u00e2rea Prezidiului A\u0218M nr. 209 din 27 noiembrie 2025).<\/p>\n\n\n\n<p><strong>Sorin Grajdari<\/strong>, doctorand, cercet\u0103tor \u0219tiin\u021bific, a fost distins cu <strong>Diploma Academiei de \u0218tiin\u021be a Moldovei<\/strong> pentru \u201erealiz\u0103ri deosebite \u00een domeniul cercet\u0103rii etnologice, interferate cu abord\u0103ri istorice \u0219i culturologice, precum \u0219i pentru promovarea \u0219tiin\u021bei pe dimensiunile didactic\u0103 \u0219i de valorificare a patrimoniului cultural material \u0219i imaterial\u201d (Or. Chi\u0219in\u0103u, Hot\u0103r\u00e2rea Prezidiului A\u0218M nr. 208 din 27 noiembrie 2025).<\/p>\n\n\n\n<p>\u00cen contextul conferirii acestor distinc\u021bii academice, adres\u0103m sincere felicit\u0103ri colegilor nominaliza\u021bi \u0219i \u00eentregii comunit\u0103\u021bi \u0219tiin\u021bifice a Institutului Patrimoniului Cultural.<\/p>\n\n\n\n<figure class=\"wp-block-image size-large\"><a href=\"https:\/\/ich.md\/wp-content\/uploads\/2026\/01\/\u0438\u0437\u043e\u0431\u0440\u0430\u0436\u0435\u043d\u0438\u0435_viber_2026-01-12_15-26-53-249.jpg\"><img decoding=\"async\" loading=\"lazy\" width=\"768\" height=\"1024\" src=\"https:\/\/ich.md\/wp-content\/uploads\/2026\/01\/\u0438\u0437\u043e\u0431\u0440\u0430\u0436\u0435\u043d\u0438\u0435_viber_2026-01-12_15-26-53-249-768x1024.jpg\" alt=\"\" class=\"wp-image-8885\"\/><\/a><\/figure>\n\n\n\n<figure class=\"wp-block-image size-large\"><a href=\"https:\/\/ich.md\/wp-content\/uploads\/2026\/01\/\u0438\u0437\u043e\u0431\u0440\u0430\u0436\u0435\u043d\u0438\u0435_viber_2026-01-12_15-32-40-630.jpg\"><img decoding=\"async\" loading=\"lazy\" width=\"1024\" height=\"768\" src=\"https:\/\/ich.md\/wp-content\/uploads\/2026\/01\/\u0438\u0437\u043e\u0431\u0440\u0430\u0436\u0435\u043d\u0438\u0435_viber_2026-01-12_15-32-40-630-1024x768.jpg\" alt=\"\" class=\"wp-image-8887\"\/><\/a><\/figure>\n\n\n\n<figure class=\"wp-block-image size-large\"><a href=\"https:\/\/ich.md\/wp-content\/uploads\/2026\/01\/\u0438\u0437\u043e\u0431\u0440\u0430\u0436\u0435\u043d\u0438\u0435_viber_2026-01-12_15-33-11-284.jpg\"><img decoding=\"async\" loading=\"lazy\" width=\"1024\" height=\"768\" src=\"https:\/\/ich.md\/wp-content\/uploads\/2026\/01\/\u0438\u0437\u043e\u0431\u0440\u0430\u0436\u0435\u043d\u0438\u0435_viber_2026-01-12_15-33-11-284-1024x768.jpg\" alt=\"\" class=\"wp-image-8888\"\/><\/a><\/figure>\n","protected":false},"excerpt":{"rendered":"<p>La finalul lunii decembrie, Academia de \u0218tiin\u021be a Moldovei a prezentat bilan\u021bul rezultatelor Anului \u0219tiin\u021bific 2025. \u00cen cadrul acestui eveniment solemn au fost decernate diplome<span class=\"read-more-link\"><a class=\"read-more\" href=\"https:\/\/ich.md\/?p=8884\">Read More<\/a><\/span><\/p>\n","protected":false},"author":11,"featured_media":8889,"comment_status":"closed","ping_status":"closed","sticky":false,"template":"","format":"standard","meta":[],"categories":[10],"tags":[],"_links":{"self":[{"href":"https:\/\/ich.md\/index.php?rest_route=\/wp\/v2\/posts\/8884"}],"collection":[{"href":"https:\/\/ich.md\/index.php?rest_route=\/wp\/v2\/posts"}],"about":[{"href":"https:\/\/ich.md\/index.php?rest_route=\/wp\/v2\/types\/post"}],"author":[{"embeddable":true,"href":"https:\/\/ich.md\/index.php?rest_route=\/wp\/v2\/users\/11"}],"replies":[{"embeddable":true,"href":"https:\/\/ich.md\/index.php?rest_route=%2Fwp%2Fv2%2Fcomments&post=8884"}],"version-history":[{"count":1,"href":"https:\/\/ich.md\/index.php?rest_route=\/wp\/v2\/posts\/8884\/revisions"}],"predecessor-version":[{"id":8890,"href":"https:\/\/ich.md\/index.php?rest_route=\/wp\/v2\/posts\/8884\/revisions\/8890"}],"wp:featuredmedia":[{"embeddable":true,"href":"https:\/\/ich.md\/index.php?rest_route=\/wp\/v2\/media\/8889"}],"wp:attachment":[{"href":"https:\/\/ich.md\/index.php?rest_route=%2Fwp%2Fv2%2Fmedia&parent=8884"}],"wp:term":[{"taxonomy":"category","embeddable":true,"href":"https:\/\/ich.md\/index.php?rest_route=%2Fwp%2Fv2%2Fcategories&post=8884"},{"taxonomy":"post_tag","embeddable":true,"href":"https:\/\/ich.md\/index.php?rest_route=%2Fwp%2Fv2%2Ftags&post=8884"}],"curies":[{"name":"wp","href":"https:\/\/api.w.org\/{rel}","templated":true}]}}