{"id":8892,"date":"2026-01-20T09:55:07","date_gmt":"2026-01-20T07:55:07","guid":{"rendered":"https:\/\/ich.md\/?p=8892"},"modified":"2026-01-20T13:47:03","modified_gmt":"2026-01-20T11:47:03","slug":"institutul-patrimoniului-cultural-partener-la-lansarea-rutei-ceramicii-in-republica-moldova","status":"publish","type":"post","link":"https:\/\/ich.md\/?p=8892","title":{"rendered":"Institutul Patrimoniului Cultural, partener la dezvoltarea \u0219i implementarea Rutei Cultural-Istorice Europene Cucuteni-Trypillia"},"content":{"rendered":"\n<div class=\"wp-block-group is-layout-constrained\"><div class=\"wp-block-group__inner-container\">\n<div class=\"wp-block-columns is-layout-flex wp-container-2\">\n<div class=\"wp-block-column is-layout-flow\" style=\"flex-basis:100%\">\n<p class=\"has-text-align-left\">Pe data de 16 ianuarie 2026, Institutul Patrimoniului Cultural a participat la evenimentul de <strong>lansare a Rutei Ceramicii<\/strong>, desf\u0103\u0219urat la Muzeul Na\u021bional de Istorie a Moldovei, \u00een Sala Albastr\u0103. Evenimentul a fost dedicat promov\u0103rii \u0219i valorific\u0103rii patrimoniului cultural, cu accent pe tradi\u021bia \u0219i me\u0219te\u0219ugul ceramic din Republica Moldova.<\/p>\n\n\n\n<p>Manifestarea a reunit reprezentan\u021bi ai institu\u021biilor publice, ai mediului cultural \u0219i turistic, cercet\u0103tori, speciali\u0219ti \u00een domeniul patrimoniului, precum \u0219i me\u0219teri populari. Programul a inclus prezent\u0103ri tematice \u0219i \u0219tiin\u021bifice privind ceramica tradi\u021bional\u0103 moldoveneasc\u0103, momente artistice cu muzic\u0103 tradi\u021bional\u0103, expozi\u021bii de ceramic\u0103 \u0219i demonstra\u021bii ale me\u0219terilor populari, precum \u0219i prezentarea oficial\u0103 a Rutei Ceramicii \u0219i a materialelor video de promovare.<\/p>\n\n\n\n<p>Un moment important al evenimentului l-a constituit <strong>semnarea Acordului de Parteneriat \u0219i Cooperare<\/strong> \u00eentre Oficiul Na\u021bional al Turismului, Institutul Patrimoniului Cultural, Agen\u021bia Na\u021bional\u0103 Arheologic\u0103 , Comisia Na\u021bional\u0103 a Republicii Moldova pentru UNESCO, document ce vizeaz\u0103 dezvoltarea \u0219i implementarea <strong>Rutei Cultural-Istorice Europene Cucuteni\u2013Trypillia<\/strong>, o rut\u0103 turistic\u0103 transfrontalier\u0103 ce va conecta Rom\u00e2nia, Republica Moldova \u0219i Ucraina.<\/p>\n\n\n\n<p>Totodat\u0103, a avut loc ceremonia de \u00eenm\u00e2nare a certificatelor de membru pentru entit\u0103\u021bile implicate \u00een dezvoltarea acestei ini\u021biative culturale \u0219i turistice.<\/p>\n\n\n\n<p>Institutul Patrimoniului Cultural \u00ee\u0219i reafirm\u0103 angajamentul de a contribui activ la cercetarea, protejarea \u0219i promovarea patrimoniului cultural na\u021bional, precum \u0219i la dezvoltarea proiectelor care pun \u00een valoare patrimoniul cultural viu \u0219i tradi\u021biile autentice ale Republicii Moldova.<\/p>\n\n\n\n<p>Ruta Ceramicii este elaborat\u0103 de Oficiul Na\u021bional al Turismului, cu sus\u021binerea Ministerului Culturii al Republicii Moldova, iar evenimentul de lansare a fost organizat \u00een parteneriat cu Muzeul Na\u021bional de Istorie a Moldovei.<\/p>\n<\/div>\n<\/div>\n<\/div><\/div>\n\n\n\n<figure class=\"wp-block-image size-large\"><a href=\"https:\/\/ich.md\/wp-content\/uploads\/2026\/01\/616372651_122228151302094162_4554934148078408594_n.jpg\"><img decoding=\"async\" loading=\"lazy\" width=\"1024\" height=\"537\" src=\"https:\/\/ich.md\/wp-content\/uploads\/2026\/01\/616372651_122228151302094162_4554934148078408594_n-1024x537.jpg\" alt=\"\" class=\"wp-image-8893\"\/><\/a><\/figure>\n\n\n\n<figure class=\"wp-block-image size-large\"><a href=\"https:\/\/ich.md\/wp-content\/uploads\/2026\/01\/616228038_10232183671317932_8892806182223971147_n.jpg\"><img decoding=\"async\" loading=\"lazy\" width=\"1024\" height=\"576\" src=\"https:\/\/ich.md\/wp-content\/uploads\/2026\/01\/616228038_10232183671317932_8892806182223971147_n-1024x576.jpg\" alt=\"\" class=\"wp-image-8894\"\/><\/a><\/figure>\n\n\n\n<figure class=\"wp-block-image size-large\"><a href=\"https:\/\/ich.md\/wp-content\/uploads\/2026\/01\/617141558_1313425654138937_2197337086385295544_n.jpg\"><img decoding=\"async\" loading=\"lazy\" width=\"1024\" height=\"683\" src=\"https:\/\/ich.md\/wp-content\/uploads\/2026\/01\/617141558_1313425654138937_2197337086385295544_n-1024x683.jpg\" alt=\"\" class=\"wp-image-8896\"\/><\/a><\/figure>\n\n\n\n<figure class=\"wp-block-image size-large\"><a href=\"https:\/\/ich.md\/wp-content\/uploads\/2026\/01\/617600071_122228260388094162_6905707778089497355_n.jpg\"><img decoding=\"async\" loading=\"lazy\" width=\"1024\" height=\"683\" src=\"https:\/\/ich.md\/wp-content\/uploads\/2026\/01\/617600071_122228260388094162_6905707778089497355_n-1024x683.jpg\" alt=\"\" class=\"wp-image-8897\"\/><\/a><\/figure>\n\n\n\n<figure class=\"wp-block-image size-large\"><a href=\"https:\/\/ich.md\/wp-content\/uploads\/2026\/01\/617734601_1313425747472261_984003016161376706_n.jpg\"><img decoding=\"async\" loading=\"lazy\" width=\"1024\" height=\"683\" src=\"https:\/\/ich.md\/wp-content\/uploads\/2026\/01\/617734601_1313425747472261_984003016161376706_n-1024x683.jpg\" alt=\"\" class=\"wp-image-8898\"\/><\/a><\/figure>\n\n\n\n<figure class=\"wp-block-image size-large\"><a href=\"https:\/\/ich.md\/wp-content\/uploads\/2026\/01\/617386355_122228260322094162_4004859289566253451_n.jpg\"><img decoding=\"async\" loading=\"lazy\" width=\"683\" height=\"1024\" src=\"https:\/\/ich.md\/wp-content\/uploads\/2026\/01\/617386355_122228260322094162_4004859289566253451_n-683x1024.jpg\" alt=\"\" class=\"wp-image-8899\"\/><\/a><\/figure>\n","protected":false},"excerpt":{"rendered":"<p>Pe data de 16 ianuarie 2026, Institutul Patrimoniului Cultural a participat la evenimentul de lansare a Rutei Ceramicii, desf\u0103\u0219urat la Muzeul Na\u021bional de Istorie a<span class=\"read-more-link\"><a class=\"read-more\" href=\"https:\/\/ich.md\/?p=8892\">Read More<\/a><\/span><\/p>\n","protected":false},"author":11,"featured_media":8895,"comment_status":"closed","ping_status":"closed","sticky":false,"template":"","format":"standard","meta":[],"categories":[10],"tags":[],"_links":{"self":[{"href":"https:\/\/ich.md\/index.php?rest_route=\/wp\/v2\/posts\/8892"}],"collection":[{"href":"https:\/\/ich.md\/index.php?rest_route=\/wp\/v2\/posts"}],"about":[{"href":"https:\/\/ich.md\/index.php?rest_route=\/wp\/v2\/types\/post"}],"author":[{"embeddable":true,"href":"https:\/\/ich.md\/index.php?rest_route=\/wp\/v2\/users\/11"}],"replies":[{"embeddable":true,"href":"https:\/\/ich.md\/index.php?rest_route=%2Fwp%2Fv2%2Fcomments&post=8892"}],"version-history":[{"count":13,"href":"https:\/\/ich.md\/index.php?rest_route=\/wp\/v2\/posts\/8892\/revisions"}],"predecessor-version":[{"id":8915,"href":"https:\/\/ich.md\/index.php?rest_route=\/wp\/v2\/posts\/8892\/revisions\/8915"}],"wp:featuredmedia":[{"embeddable":true,"href":"https:\/\/ich.md\/index.php?rest_route=\/wp\/v2\/media\/8895"}],"wp:attachment":[{"href":"https:\/\/ich.md\/index.php?rest_route=%2Fwp%2Fv2%2Fmedia&parent=8892"}],"wp:term":[{"taxonomy":"category","embeddable":true,"href":"https:\/\/ich.md\/index.php?rest_route=%2Fwp%2Fv2%2Fcategories&post=8892"},{"taxonomy":"post_tag","embeddable":true,"href":"https:\/\/ich.md\/index.php?rest_route=%2Fwp%2Fv2%2Ftags&post=8892"}],"curies":[{"name":"wp","href":"https:\/\/api.w.org\/{rel}","templated":true}]}}